{"id":14900,"date":"2023-11-14T15:09:35","date_gmt":"2023-11-14T18:09:35","guid":{"rendered":"https:\/\/www.direito.ufmg.br\/?p=14900"},"modified":"2025-07-24T12:07:04","modified_gmt":"2025-07-24T15:07:04","slug":"ufmg-advanced-school-of-international-law-the-first-world-court-genesis-and-legacy","status":"publish","type":"post","link":"https:\/\/www.direito.ufmg.br\/?p=14900","title":{"rendered":"UFMG Advanced School of International Law \u201cThe First World Court: Genesis and Legacy\u201d"},"content":{"rendered":"<p>O Grupo de Pesquisa em Cortes e Tribunais Internacionais UFMG\/CNPq realizar\u00e1 nos dias 23 e 24 de novembro de 2023, a nona edi\u00e7\u00e3o da \u201cAdvanced School of International Law\u201d que contar\u00e1 com o curso do professor Henri C.F.J.A. de Waele da Radboud Universiteit Nijmegen (Pa\u00edses Baixos), com o tema \u201cThe First World Court: Genesis and Legacy\u201d, objetivando promover a compreens\u00e3o da cria\u00e7\u00e3o da primeira corte permanente de voca\u00e7\u00e3o universal, a Corte Permanente de Justi\u00e7a Internacional (1922-1946) e seu legado para o Direito Internacional.<\/p>\n<p>Henri de Waele \u00e9 Professor Titular de Direito Internacional e Europeu na Radboud University de Nimega, Pa\u00edses Baixos. Sua pesquisa se concentra principalmente no direito institucional europeu, com \u00eanfase especial na intera\u00e7\u00e3o entre as institui\u00e7\u00f5es e \u00e9 um especialista na hist\u00f3ria da Corte Permanente de Justi\u00e7a Internacional e no papel dos juristas holandeses perante essa institui\u00e7\u00e3o.<\/p>\n<p>Para inscri\u00e7\u00f5es, maiores informa\u00e7\u00f5es e leituras sugeridas de prepara\u00e7\u00e3o, basta acessar o site: <a href=\"http:\/\/www.styluscuriarum.org\">www.styluscuriarum.org<\/a><\/p>\n<p><img loading=\"lazy\" decoding=\"async\" class=\"alignnone size-full wp-image-14901\" src=\"https:\/\/www.direito.ufmg.br\/wp-content\/uploads\/2023\/11\/UFMG-Adv-School-First-World-Court.png\" alt=\"\" width=\"611\" height=\"432\" srcset=\"https:\/\/www.direito.ufmg.br\/wp-content\/uploads\/2023\/11\/UFMG-Adv-School-First-World-Court.png 611w, https:\/\/www.direito.ufmg.br\/wp-content\/uploads\/2023\/11\/UFMG-Adv-School-First-World-Court-300x212.png 300w\" sizes=\"auto, (max-width: 611px) 100vw, 611px\" \/><\/p>\n","protected":false},"excerpt":{"rendered":"<p>O Grupo de Pesquisa em Cortes e Tribunais Internacionais UFMG\/CNPq realizar\u00e1 nos dias 23 e 24 de novembro de 2023, a nona edi\u00e7\u00e3o da \u201cAdvanced School of International Law\u201d que contar\u00e1 com o curso do [&hellip;]<\/p>\n","protected":false},"author":1,"featured_media":0,"comment_status":"closed","ping_status":"closed","sticky":false,"template":"","format":"standard","meta":{"footnotes":""},"categories":[247],"tags":[],"class_list":["post-14900","post","type-post","status-publish","format-standard","hentry","category-noticias-2023"],"publishpress_future_action":{"enabled":false,"date":"2026-05-07 02:07:02","action":"change-status","newStatus":"draft","terms":[],"taxonomy":"category","extraData":[]},"publishpress_future_workflow_manual_trigger":{"enabledWorkflows":[]},"_links":{"self":[{"href":"https:\/\/www.direito.ufmg.br\/index.php?rest_route=\/wp\/v2\/posts\/14900","targetHints":{"allow":["GET"]}}],"collection":[{"href":"https:\/\/www.direito.ufmg.br\/index.php?rest_route=\/wp\/v2\/posts"}],"about":[{"href":"https:\/\/www.direito.ufmg.br\/index.php?rest_route=\/wp\/v2\/types\/post"}],"author":[{"embeddable":true,"href":"https:\/\/www.direito.ufmg.br\/index.php?rest_route=\/wp\/v2\/users\/1"}],"replies":[{"embeddable":true,"href":"https:\/\/www.direito.ufmg.br\/index.php?rest_route=%2Fwp%2Fv2%2Fcomments&post=14900"}],"version-history":[{"count":0,"href":"https:\/\/www.direito.ufmg.br\/index.php?rest_route=\/wp\/v2\/posts\/14900\/revisions"}],"wp:attachment":[{"href":"https:\/\/www.direito.ufmg.br\/index.php?rest_route=%2Fwp%2Fv2%2Fmedia&parent=14900"}],"wp:term":[{"taxonomy":"category","embeddable":true,"href":"https:\/\/www.direito.ufmg.br\/index.php?rest_route=%2Fwp%2Fv2%2Fcategories&post=14900"},{"taxonomy":"post_tag","embeddable":true,"href":"https:\/\/www.direito.ufmg.br\/index.php?rest_route=%2Fwp%2Fv2%2Ftags&post=14900"}],"curies":[{"name":"wp","href":"https:\/\/api.w.org\/{rel}","templated":true}]}}