{"id":14911,"date":"2023-11-20T10:27:25","date_gmt":"2023-11-20T13:27:25","guid":{"rendered":"https:\/\/www.direito.ufmg.br\/?p=14911"},"modified":"2025-07-24T12:07:04","modified_gmt":"2025-07-24T15:07:04","slug":"divulgacao-edital-no-2695-2023-direito-sge-ufmg-que-trata-do-processo-de-consulta-previa-interna-e-on-line-ocorrera-a-eleicao-para-provimento-de-vaga-de-coordenador-e-subcoordenador-do-colegiado-de","status":"publish","type":"post","link":"https:\/\/www.direito.ufmg.br\/?p=14911","title":{"rendered":"DIVULGA\u00c7\u00c3O. EDITAL N\u00ba 2695\/2023\/DIREITO-SGE-UFMG que trata do processo de consulta pr\u00e9via, interna e on-line, ocorrer\u00e1 a elei\u00e7\u00e3o para provimento de vaga de coordenador e subcoordenador do Colegiado de Gradua\u00e7\u00e3o em Direito da Faculdade de Direito da UFMG , bem como Portaria n\u00ba 10557\/2023, que designa a Comiss\u00e3o Receptora e Escrutinadora do certame, objeto do processo SEI n\u00ba 23072.271051\/2023-71."},"content":{"rendered":"<p><a href=\"https:\/\/www.direito.ufmg.br\/wp-content\/uploads\/2023\/11\/SEI_UFMG-2820848-Edital-2695-COLGRAD.pdf\">SEI_UFMG &#8211; 2820848 &#8211; Edital 2695 &#8211; COLGRAD<\/a><\/p>\n<p><a href=\"https:\/\/www.direito.ufmg.br\/wp-content\/uploads\/2023\/11\/SEI_UFMG-2820849-Portaria-10557-Designa-Coissao-Receptora-e-Escrutinadora-eleicao-coordenador-e-subcoordenador-Colgrad.pdf\">SEI_UFMG &#8211; 2820849 &#8211; Portaria 10557 &#8211; Designa Comiss\u00e3o Receptora e Escrutinadora &#8211; Elei\u00e7\u00e3o coordenador e subcoordenador Colgrad<\/a><\/p>\n<p><a href=\"https:\/\/www.direito.ufmg.br\/wp-content\/uploads\/2023\/11\/lista-de-votantes-1.pdf\">lista de votantes<\/a><\/p>\n<p><a href=\"https:\/\/www.direito.ufmg.br\/wp-content\/uploads\/2023\/12\/LISTA-VOTANTES.pdf\">lista de votantes consolidada<\/a><\/p>\n<p><a href=\"https:\/\/www.direito.ufmg.br\/wp-content\/uploads\/2023\/12\/CANDIDATOS.pdf\">Deferimento dos inscritos<\/a><\/p>\n<p><a href=\"https:\/\/www.direito.ufmg.br\/wp-content\/uploads\/2023\/12\/SEI_UFMG-2914965-Portaria-11660-designa-docente-para-funcao-de-coordenador-e-subcoordenador-do-COLGRAD.pdf\">SEI_UFMG &#8211; 2914965 &#8211; Portaria 11660 &#8211; Designa\u00e7\u00e3o<\/a><\/p>\n","protected":false},"excerpt":{"rendered":"<p>SEI_UFMG &#8211; 2820848 &#8211; Edital 2695 &#8211; COLGRAD SEI_UFMG &#8211; 2820849 &#8211; Portaria 10557 &#8211; Designa Comiss\u00e3o Receptora e Escrutinadora &#8211; Elei\u00e7\u00e3o coordenador e subcoordenador Colgrad lista de votantes lista de votantes consolidada Deferimento dos [&hellip;]<\/p>\n","protected":false},"author":1,"featured_media":0,"comment_status":"closed","ping_status":"closed","sticky":false,"template":"","format":"standard","meta":{"footnotes":""},"categories":[247],"tags":[],"class_list":["post-14911","post","type-post","status-publish","format-standard","hentry","category-noticias-2023"],"publishpress_future_action":{"enabled":false,"date":"2026-05-08 22:37:15","action":"change-status","newStatus":"draft","terms":[],"taxonomy":"category","extraData":[]},"publishpress_future_workflow_manual_trigger":{"enabledWorkflows":[]},"_links":{"self":[{"href":"https:\/\/www.direito.ufmg.br\/index.php?rest_route=\/wp\/v2\/posts\/14911","targetHints":{"allow":["GET"]}}],"collection":[{"href":"https:\/\/www.direito.ufmg.br\/index.php?rest_route=\/wp\/v2\/posts"}],"about":[{"href":"https:\/\/www.direito.ufmg.br\/index.php?rest_route=\/wp\/v2\/types\/post"}],"author":[{"embeddable":true,"href":"https:\/\/www.direito.ufmg.br\/index.php?rest_route=\/wp\/v2\/users\/1"}],"replies":[{"embeddable":true,"href":"https:\/\/www.direito.ufmg.br\/index.php?rest_route=%2Fwp%2Fv2%2Fcomments&post=14911"}],"version-history":[{"count":0,"href":"https:\/\/www.direito.ufmg.br\/index.php?rest_route=\/wp\/v2\/posts\/14911\/revisions"}],"wp:attachment":[{"href":"https:\/\/www.direito.ufmg.br\/index.php?rest_route=%2Fwp%2Fv2%2Fmedia&parent=14911"}],"wp:term":[{"taxonomy":"category","embeddable":true,"href":"https:\/\/www.direito.ufmg.br\/index.php?rest_route=%2Fwp%2Fv2%2Fcategories&post=14911"},{"taxonomy":"post_tag","embeddable":true,"href":"https:\/\/www.direito.ufmg.br\/index.php?rest_route=%2Fwp%2Fv2%2Ftags&post=14911"}],"curies":[{"name":"wp","href":"https:\/\/api.w.org\/{rel}","templated":true}]}}