{"id":15565,"date":"2024-04-10T14:51:07","date_gmt":"2024-04-10T17:51:07","guid":{"rendered":"https:\/\/www.direito.ufmg.br\/?p=15565"},"modified":"2025-07-23T15:15:48","modified_gmt":"2025-07-23T18:15:48","slug":"evento-o-estado-democratico-de-direito-e-o-direito-penal-com-o-ex-ministro-da-justica-jose-eduardo-cardozo","status":"publish","type":"post","link":"https:\/\/www.direito.ufmg.br\/?p=15565","title":{"rendered":"Evento O ESTADO DEMOCR\u00c1TICO DE DIREITO E O DIREITO PENAL, com o ex-ministro da Justi\u00e7a Jos\u00e9 Eduardo Cardozo"},"content":{"rendered":"<p><span style=\"font-size: medium;\">O ICP realiza neste m\u00eas uma palestra com <\/span><b><span style=\"font-size: medium;\">Jos\u00e9 Eduardo Cardozo<\/span><\/b><span style=\"font-size: medium;\">, ex-ministro da Justi\u00e7a (2011-2016), advogado-geral da Uni\u00e3o em 2016, al\u00e9m de advogado e professor. O evento est\u00e1 marcado para o dia<\/span><b><span style=\"font-size: medium;\">\u00a026 de abril, \u00e0s 19h, na Sala da Congrega\u00e7\u00e3o da UFMG.<\/span><\/b><span style=\"font-size: medium;\">\u00a0A entrada \u00e9 <\/span><b><span style=\"font-size: medium;\">gratuita<\/span><\/b><span style=\"font-size: medium;\">!<\/span><\/p>\n<p>A palestra ter\u00e1 como tema <b><span style=\"font-size: medium;\">&#8220;O Estado Democr\u00e1tico de Direito e o Direito Penal&#8221;.<\/span><\/b><\/p>\n<p>Durante o evento, ser\u00e1 <b><span style=\"font-size: medium;\">lan\u00e7ado o livro &#8220;O Sistema de Justi\u00e7a Penal Visto Por N\u00f3s Advogados&#8221;, organizado por Felipe Martins Pinto, Leonardo Marinho e Luciano Santos Lopes<\/span><\/b><span style=\"font-size: medium;\">. As vendas do livro contribuir\u00e3o com recursos para a Bienal do ICP.<\/span><\/p>\n<p>N\u00e3o perca essa oportunidade e participe!<\/p>\n<p><img loading=\"lazy\" decoding=\"async\" class=\"alignnone size-large wp-image-15567\" src=\"https:\/\/www.direito.ufmg.br\/wp-content\/uploads\/2024\/04\/0-1024x1024.jpeg\" alt=\"\" width=\"1024\" height=\"1024\" srcset=\"https:\/\/www.direito.ufmg.br\/wp-content\/uploads\/2024\/04\/0-1024x1024.jpeg 1024w, https:\/\/www.direito.ufmg.br\/wp-content\/uploads\/2024\/04\/0-300x300.jpeg 300w, https:\/\/www.direito.ufmg.br\/wp-content\/uploads\/2024\/04\/0-150x150.jpeg 150w, https:\/\/www.direito.ufmg.br\/wp-content\/uploads\/2024\/04\/0-768x768.jpeg 768w, https:\/\/www.direito.ufmg.br\/wp-content\/uploads\/2024\/04\/0.jpeg 1080w\" sizes=\"auto, (max-width: 1024px) 100vw, 1024px\" \/><\/p>\n","protected":false},"excerpt":{"rendered":"<p>O ICP realiza neste m\u00eas uma palestra com Jos\u00e9 Eduardo Cardozo, ex-ministro da Justi\u00e7a (2011-2016), advogado-geral da Uni\u00e3o em 2016, al\u00e9m de advogado e professor. O evento est\u00e1 marcado para o dia\u00a026 de abril, \u00e0s [&hellip;]<\/p>\n","protected":false},"author":1,"featured_media":0,"comment_status":"closed","ping_status":"closed","sticky":false,"template":"","format":"standard","meta":{"footnotes":""},"categories":[248],"tags":[],"class_list":["post-15565","post","type-post","status-publish","format-standard","hentry","category-noticias-2024"],"publishpress_future_action":{"enabled":false,"date":"2026-05-06 13:38:01","action":"change-status","newStatus":"draft","terms":[],"taxonomy":"category","extraData":[]},"publishpress_future_workflow_manual_trigger":{"enabledWorkflows":[]},"_links":{"self":[{"href":"https:\/\/www.direito.ufmg.br\/index.php?rest_route=\/wp\/v2\/posts\/15565","targetHints":{"allow":["GET"]}}],"collection":[{"href":"https:\/\/www.direito.ufmg.br\/index.php?rest_route=\/wp\/v2\/posts"}],"about":[{"href":"https:\/\/www.direito.ufmg.br\/index.php?rest_route=\/wp\/v2\/types\/post"}],"author":[{"embeddable":true,"href":"https:\/\/www.direito.ufmg.br\/index.php?rest_route=\/wp\/v2\/users\/1"}],"replies":[{"embeddable":true,"href":"https:\/\/www.direito.ufmg.br\/index.php?rest_route=%2Fwp%2Fv2%2Fcomments&post=15565"}],"version-history":[{"count":0,"href":"https:\/\/www.direito.ufmg.br\/index.php?rest_route=\/wp\/v2\/posts\/15565\/revisions"}],"wp:attachment":[{"href":"https:\/\/www.direito.ufmg.br\/index.php?rest_route=%2Fwp%2Fv2%2Fmedia&parent=15565"}],"wp:term":[{"taxonomy":"category","embeddable":true,"href":"https:\/\/www.direito.ufmg.br\/index.php?rest_route=%2Fwp%2Fv2%2Fcategories&post=15565"},{"taxonomy":"post_tag","embeddable":true,"href":"https:\/\/www.direito.ufmg.br\/index.php?rest_route=%2Fwp%2Fv2%2Ftags&post=15565"}],"curies":[{"name":"wp","href":"https:\/\/api.w.org\/{rel}","templated":true}]}}