{"id":17091,"date":"2025-05-14T13:51:44","date_gmt":"2025-05-14T16:51:44","guid":{"rendered":"https:\/\/www.direito.ufmg.br\/?p=17091"},"modified":"2025-07-16T14:20:20","modified_gmt":"2025-07-16T17:20:20","slug":"%e2%99%a6-edital-1275-2025-processo-seletivo-para-professor-substituto-direito-internacional-dir-dip","status":"publish","type":"post","link":"https:\/\/www.direito.ufmg.br\/?p=17091","title":{"rendered":"&#x2666; Edital 1275\/2025 \u2013 Processo Seletivo para Professor Substituto \u2013 Direito Internacional \u2013 DIR\/DIP"},"content":{"rendered":"<p><a href=\"https:\/\/www.direito.ufmg.br\/wp-content\/uploads\/2025\/05\/EDITAL-No-1275-DE-12-DE-MAIO-DE-2025-Processo-Seletivo-Professor-Substituto-Direito-Internacional.pdf\">EDITAL N\u00ba 1275, DE 12 DE MAIO DE 2025 Processo Seletivo Professor Substituto Direito Internacional<\/a><\/p>\n<p><a href=\"https:\/\/www.direito.ufmg.br\/wp-content\/uploads\/2025\/05\/Informacoes-Complementares-Edital-1275-2025-Direito-Internacional.pdf\">Informa\u00e7\u00f5es Complementares &#8211; Edital 1275\/2025 &#8211; Direito Internacional<\/a><\/p>\n<p><a href=\"https:\/\/www.direito.ufmg.br\/wp-content\/uploads\/2025\/06\/Portaria-de-designacao-Comissao-Examinadora-Processo-Seletivo-Professor-Substituto-Direito-Internacional-Edital-127-2025.pdf\">Portaria de designa\u00e7\u00e3o Comiss\u00e3o Examinadora &#8211; Processo Seletivo Professor Substituto Direito Internacional- Edital 127\/2025<\/a><\/p>\n<p><a href=\"https:\/\/www.direito.ufmg.br\/wp-content\/uploads\/2025\/06\/Lista-de-inscricoes-deferidas-Processo-Seletivo-Professor-Substituto-Direito-Internacional-Edital-1275-2025.pdf\">Lista de inscri\u00e7\u00f5es deferidas &#8211; Processo Seletivo Professor Substituto Direito Internacional &#8211; Edital 1275\/2025<\/a><\/p>\n<p><a href=\"https:\/\/www.direito.ufmg.br\/wp-content\/uploads\/2025\/06\/Edital-de-Convocacao-Processo-Seletivo-Professor-Substituto-Direito-Internacional-Edital-1275-2025.pdf\">Edital de Convoca\u00e7\u00e3o &#8211; Processo Seletivo &#8211; Professor Substituto Direito Internacional &#8211; Edital 1275\/2025<\/a><\/p>\n<p><a href=\"https:\/\/www.direito.ufmg.br\/wp-content\/uploads\/2025\/06\/Sessao-de-Apuracao-de-Resultado3.pdf\">Sess\u00e3o de Apura\u00e7\u00e3o de Resultado<\/a><\/p>\n<p><a href=\"https:\/\/www.direito.ufmg.br\/wp-content\/uploads\/2025\/06\/Resultado-Final-Substituto-Direito-Internacional-Edital-1275-2025.pdf\">Resultado Final Substituto Direito Internacional Edital 1275\/2025<\/a><\/p>\n<p><a href=\"https:\/\/www.direito.ufmg.br\/wp-content\/uploads\/2025\/07\/Edital_1827___Homologacao_substituto.pdf\">Edital_1827___Homologacao_substituto<\/a><\/p>\n","protected":false},"excerpt":{"rendered":"<p>EDITAL N\u00ba 1275, DE 12 DE MAIO DE 2025 Processo Seletivo Professor Substituto Direito Internacional Informa\u00e7\u00f5es Complementares &#8211; Edital 1275\/2025 &#8211; Direito Internacional Portaria de designa\u00e7\u00e3o Comiss\u00e3o Examinadora &#8211; Processo Seletivo Professor Substituto Direito Internacional- [&hellip;]<\/p>\n","protected":false},"author":1,"featured_media":0,"comment_status":"closed","ping_status":"closed","sticky":false,"template":"","format":"standard","meta":{"footnotes":""},"categories":[221,240,197],"tags":[],"class_list":["post-17091","post","type-post","status-publish","format-standard","hentry","category-monitorias-dip","category-editais-concurso-publico-docente","category-editais-recentes"],"publishpress_future_action":{"enabled":false,"date":"2026-05-08 09:40:30","action":"change-status","newStatus":"draft","terms":[],"taxonomy":"category","extraData":[]},"publishpress_future_workflow_manual_trigger":{"enabledWorkflows":[]},"_links":{"self":[{"href":"https:\/\/www.direito.ufmg.br\/index.php?rest_route=\/wp\/v2\/posts\/17091","targetHints":{"allow":["GET"]}}],"collection":[{"href":"https:\/\/www.direito.ufmg.br\/index.php?rest_route=\/wp\/v2\/posts"}],"about":[{"href":"https:\/\/www.direito.ufmg.br\/index.php?rest_route=\/wp\/v2\/types\/post"}],"author":[{"embeddable":true,"href":"https:\/\/www.direito.ufmg.br\/index.php?rest_route=\/wp\/v2\/users\/1"}],"replies":[{"embeddable":true,"href":"https:\/\/www.direito.ufmg.br\/index.php?rest_route=%2Fwp%2Fv2%2Fcomments&post=17091"}],"version-history":[{"count":0,"href":"https:\/\/www.direito.ufmg.br\/index.php?rest_route=\/wp\/v2\/posts\/17091\/revisions"}],"wp:attachment":[{"href":"https:\/\/www.direito.ufmg.br\/index.php?rest_route=%2Fwp%2Fv2%2Fmedia&parent=17091"}],"wp:term":[{"taxonomy":"category","embeddable":true,"href":"https:\/\/www.direito.ufmg.br\/index.php?rest_route=%2Fwp%2Fv2%2Fcategories&post=17091"},{"taxonomy":"post_tag","embeddable":true,"href":"https:\/\/www.direito.ufmg.br\/index.php?rest_route=%2Fwp%2Fv2%2Ftags&post=17091"}],"curies":[{"name":"wp","href":"https:\/\/api.w.org\/{rel}","templated":true}]}}