{"id":17925,"date":"2025-10-09T14:44:56","date_gmt":"2025-10-09T17:44:56","guid":{"rendered":"https:\/\/www.direito.ufmg.br\/?p=17925"},"modified":"2026-04-10T20:21:38","modified_gmt":"2026-04-10T23:21:38","slug":"edital-no-421-2024-abertura-de-concurso-publico-de-provas-e-titulos-para-provimento-de-cargo-efetivo-da-carreira-de-magisterio-superior-federal-classe-a-professor-adjunto","status":"publish","type":"post","link":"https:\/\/www.direito.ufmg.br\/?p=17925","title":{"rendered":"&#x2666; Edital n\u00ba 2708\/2025 \u2013 Abertura de Concurso P\u00fablico de Provas e T\u00edtulos para provimento de cargo efetivo da Carreira de Magist\u00e9rio Superior Federal \u2013 Classe A \u2013 Professor Assistente \u2013 N\u00edvel I \u2013 Departamento de Direito P\u00fablico (DIP) da Faculdade de Direito da UFMG \u2013 \u00c1rea de conhecimento: Teoria do Estado, Ci\u00eancias do Estado e disciplinas afins. Regime de Trabalho: 40 horas semanais, em tempo integral, com dedica\u00e7\u00e3o exclusiva, com dedica\u00e7\u00e3o exclusiva. Processos n\u00ba 23072.218492\/2025-14 e 23072.262744\/2025-34"},"content":{"rendered":"<table>\n<tbody>\n<tr>\n<td width=\"100%\"><strong>EDITAL N\u00ba 2708\/2025 \u2013 ABERTURA DE CONCURSO P\u00daBLICO DE PROVAS E T\u00cdTULOS PARA PROVIMENTO DE CARGO EFETIVO DA CARREIRA DE MAGIST\u00c9RIO SUPERIOR FEDERAL \u2013 CLASSE A \u2013 PROFESSOR ASSISTENTE \u2013 N\u00cdVEL I \u2013 DEPARTAMENTO DE DIREITO P\u00daBLICO (DIP) DA FACULDADE DE DIREITO DA UFMG \u2013 \u00c1REA DE CONHECIMENTO: TEORIA DO ESTADO, CI\u00caNCIAS DO ESTADO E DISCIPLINAS AFINS. REGIME DE TRABALHO: 40 HORAS SEMANAIS, EM TEMPO INTEGRAL, COM DEDICA\u00c7\u00c3O EXCLUSIVA. PROCESSOS N\u00ba 23072.218492\/2025-14 e N\u00ba 23072.262744\/2025-34<\/strong>.<br \/>\nN\u00famero de Vagas: 01\u00a0(uma)\u00c1rea de Conhecimento:\u00a0<strong>Teoria do Estado, Ci\u00eancias do Estado e disciplinas afins<\/strong>.Regime de Trabalho:\u00a0<strong>40 (quarenta) horas semanais, em tempo integral, com dedica\u00e7\u00e3o exclusiva<\/strong><strong>Per\u00edodo das inscri\u00e7\u00f5es: de 00h\u00a009\/10\/2025 at\u00e9 23h59min de 06\/02\/2026.<\/strong>Tipos de prova:\u2013 Fase 1: Prova Escrita com car\u00e1ter eliminat\u00f3rio\u2013 Fase 2: Julgamento de T\u00edtulos e Apresenta\u00e7\u00e3o de Semin\u00e1rioInscri\u00e7\u00f5es\/D\u00favidas: Contato: &lt;<a href=\"https:\/\/www.direito.ufmg.br\/concursodocente@direito.ufmg.br\">concursodocente@direito.ufmg.br<\/a>&gt;<\/td>\n<\/tr>\n<\/tbody>\n<\/table>\n<p>&nbsp;<\/p>\n<p><strong><u>DOCUMENTOS DO CONCURSO<\/u><\/strong><\/p>\n<p>1)\u00a0Edital n\u00ba\u00a02708\/2025 \u2013 Abertura de Concurso P\u00fablico de Provas e T\u00edtulos para provimento de cargo efetivo da Carreira de Magist\u00e9rio Superior Federal \u2013 Classe A \u2013 Professor Assistente \u2013 N\u00edvel I \u2013\u00a0Departamento de Direito P\u00fablico (DIP)\u00a0da Faculdade de Direito da UFMG \u00c1rea de conhecimento:\u00a0<strong>Teoria do Estado, Ci\u00eancias do Estado e disciplinas afins<\/strong>. Regime de Trabalho: 40 horas semanais, em tempo integral, com dedica\u00e7\u00e3o exclusiva. Processos n\u00ba\u00a0<strong>23072.218492\/2025-14 e 23072.262744\/2025-34<\/strong>.\u00a0(<a href=\"https:\/\/www.direito.ufmg.br\/wp-content\/uploads\/2025\/10\/Edital_2708___Abertura___Direito-Teoria-do-Estado-Ciencias-do-Estado-e-disciplinas-afins-1.pdf\">anexo<\/a>) \u2013 publicado em\u00a009\/10\/2025<\/p>\n<p>2) Resolu\u00e7\u00e3o n\u00ba 13\/2010, Conselho Universit\u00e1rio \u2013 Revis\u00e3o de Decis\u00e3o Administrativa, Reconsidera\u00e7\u00e3o e Recurso\u00a0(<a href=\"https:\/\/www.direito.ufmg.br\/wp-content\/uploads\/2023\/03\/Resolucao-no-13-2010_Conselho-Universitario.pdf\">anexa<\/a>) \u2013 publicado em <span style=\"color: #ff0000;\">09\/10\/2025<\/span><\/p>\n<p>3) Resolu\u00e7\u00e3o Complementar n\u00ba 02\/2013, Conselho Universit\u00e1rio \u2013 Disp\u00f5e sobre a realiza\u00e7\u00e3o de concurso docente na UFMG\u00a0(<a href=\"https:\/\/www.direito.ufmg.br\/wp-content\/uploads\/2023\/03\/Resolucao-Complementar-no-02-2013_Conselho-Universitario.pdf\">anexa<\/a>) \u2013 publicado em <span style=\"color: #ff0000;\">09\/10\/2025<\/span><\/p>\n<p>4) Programa Integral do concurso\u00a0(<a href=\"https:\/\/www.direito.ufmg.br\/wp-content\/uploads\/2025\/10\/Programa-do-Concurso-DIP-Edital-2.708-2025.pdf\">anexo<\/a>) \u2013 publicado em <span style=\"color: #ff0000;\">09\/10\/2025<\/span><\/p>\n<p>5) <del>Homologa\u00e7\u00e3o das inscri\u00e7\u00f5es<\/del> (<a href=\"https:\/\/www.direito.ufmg.br\/wp-content\/uploads\/2026\/02\/SEI_4943496_Edital_253.pdf\">anexo<\/a>) &#8211; publicado em <span style=\"color: #ff0000;\">09\/02\/2026<\/span><\/p>\n<p>6) Homologa\u00e7\u00e3o das inscri\u00e7\u00f5es retificado (<a href=\"https:\/\/www.direito.ufmg.br\/wp-content\/uploads\/2026\/02\/SEI_4946812_Edital_266.pdf\">anexo<\/a>) &#8211; publicado em <span style=\"color: #ff0000;\">10\/02\/2026<\/span><\/p>\n<p>7) Edital 339\/2026 \u2013 Convoca\u00e7\u00e3o aos candidatos para realiza\u00e7\u00e3o do concurso (<a href=\"https:\/\/www.direito.ufmg.br\/wp-content\/uploads\/2026\/02\/SEI_4964871_Edital_339.pdf\">anexo<\/a>) \u2013 publicado em <span style=\"color: #ff0000;\">20\/02\/2026<\/span><\/p>\n<p>8) Portaria 1580\/2026 \u2013 Designa Comiss\u00e3o Examinadora (<a href=\"https:\/\/www.direito.ufmg.br\/wp-content\/uploads\/2026\/02\/SEI_4964615_Portaria_1580.pdf\">anexo<\/a>) \u2013 publicado em <span style=\"color: #ff0000;\">20\/02\/2026<\/span><\/p>\n<p>9) Cronograma (<a href=\"https:\/\/www.direito.ufmg.br\/wp-content\/uploads\/2026\/04\/SCAN_20260407_094644838.pdf\">anexo<\/a>) &#8211; publicado em <span style=\"color: #ff0000;\">07\/04\/2026<\/span><\/p>\n<p>10) Resultado da prova escrita (<a href=\"https:\/\/www.direito.ufmg.br\/wp-content\/uploads\/2026\/04\/SCAN_20260408_153545446.pdf\">anexo<\/a>) &#8211; publicado em <span style=\"color: #ff0000;\">08\/04\/2026<\/span><\/p>\n<p>11) Cronograma das apresenta\u00e7\u00f5es dos Semin\u00e1rios (<a href=\"https:\/\/www.direito.ufmg.br\/wp-content\/uploads\/2026\/04\/Cronograma-08.04-Apresentacao-dos-Seminarios.pdf\">anexo<\/a>) &#8211; publicado em <span style=\"color: #ff0000;\">08\/04\/2026<\/span><\/p>\n<p>12) Cronograma das apresenta\u00e7\u00f5es dos Semin\u00e1rios dia 09\/04\/2026 (<a href=\"https:\/\/www.direito.ufmg.br\/wp-content\/uploads\/2026\/04\/Cronograma-dia-09-dip.pdf\">anexo<\/a>) &#8211; publicado em <span style=\"color: #ff0000;\">09\/04\/2026<\/span><\/p>\n<p>13) Resultado Ampla Concorr\u00eancia (<a href=\"https:\/\/www.direito.ufmg.br\/wp-content\/uploads\/2026\/04\/Resultado-Ampla-Concorrencia.pdf\">anexo<\/a>) &#8211; publicado em <span style=\"color: #ff0000;\">10\/04\/2026<\/span><\/p>\n<p>14) Resultado Vagas Reservadas (<a href=\"https:\/\/www.direito.ufmg.br\/wp-content\/uploads\/2026\/04\/Resultado-Vagas-Reservadas.pdf\">anexo<\/a>) &#8211; publicado em <span style=\"color: #ff0000;\">10\/04\/2026<\/span><\/p>\n<p><strong><u>DOCUMENTOS PARA INSCRI\u00c7\u00c3O<\/u><\/strong><\/p>\n<p>1)\u00a0Comprovante de Pagamento da Taxa de Inscri\u00e7\u00e3o (R$215,99) \u2013 GRU, dispon\u00edvel em: &lt;<a href=\"https:\/\/sisarc.ufmg.br\/sisarc\/emissaogru\/gerir\/geriremissaogru.seam?codigo=mhSjWkjJ1\">https:\/\/sistemas.ufmg.br\/sisarc\/emissaogru\/gerir\/geriremissaogru.seam?codigo=mhSjWkjJ1<\/a>&gt; ou Formul\u00e1rio de Requerimento de Isen\u00e7\u00e3o do Pagamento de Taxa de Inscri\u00e7\u00e3o de Concursos P\u00fablicos, dispon\u00edvel em: (&lt;<a href=\"https:\/\/www.ufmg.br\/prorh\/publicacoes\/\">https:\/\/www.ufmg.br\/prorh\/publicacoes\/<\/a>&gt;, campo &#8220;CONCURSO P\u00daBLICO DOCENTE&#8221;, &#8220;ORIENTA\u00c7\u00d5ES para Candidato&#8221;);<\/p>\n<p>2) Termo de Requerimento de Inscri\u00e7\u00e3o Concurso P\u00fablico para Cargo do Magist\u00e9rio Federal, devidamente preenchido e assinado, disponivel em:&lt;<a href=\"https:\/\/www.ufmg.br\/prorh\/publicacoes\/\">https:\/\/www.ufmg.br\/prorh\/publicacoes\/<\/a>&gt;, campo &#8220;CONCURSO P\u00daBLICO DOCENTE&#8221;, &#8220;ORIENTA\u00c7\u00d5ES para Candidato&#8221;, <strong>contendo o Tema do Semin\u00e1rio (item 6.7.3 do edital)<\/strong>;<\/p>\n<p>3) C\u00f3pia da Carteira de Identidade ou de outra prova de ser brasileiro nato ou naturalizado e, no caso de estrangeiro, de documento de identifica\u00e7\u00e3o (formato PDF);<\/p>\n<p>4) Comprova\u00e7\u00e3o de quita\u00e7\u00e3o com o Servi\u00e7o Militar, quando for o caso, e com a Justi\u00e7a Eleitoral &lt;<a href=\"https:\/\/www.tse.jus.br\/eleitor\/certidoes\/certidao-de-quitacao-eleitoral\">https:\/\/www.tse.jus.br\/eleitor\/certidoes\/certidao-de-quitacao-eleitoral<\/a>&gt;, dispens\u00e1vel no caso de candidatos estrangeiros (formato PDF);<\/p>\n<p>5) 01 (uma) via do \u201c<em>curriculum vitae<\/em>\u201d (formato PDF);<\/p>\n<p><span style=\"font-family: georgia, palatino, serif; font-size: 12pt;\">6) Termo de Consentimento para tratamento de dados pessoais (LGPD). (<a href=\"https:\/\/www.direito.ufmg.br\/wp-content\/uploads\/2025\/12\/Termo-de-Consentimento-para-Tratamento-de-Dados-Pessoais-Lei-Geral-de-Protecao-de-Dados-Pessoais-LGPD5.pdf\"><u><span style=\"color: #0000ff;\">anexo<\/span><\/u><\/a>)<\/span><\/p>\n<p>7) Documentos necess\u00e1rios para satisfazer os itens 6.11 (portador de defici\u00eancia) e 11.6, al\u00ednea \u201ce\u201d (exerc\u00edcio da fun\u00e7\u00e3o de jurado) do Edital em quest\u00e3o.<\/p>\n<p><strong><u>OBSERVA\u00c7\u00c3O<\/u><\/strong>:<strong>\u00a0Documentos Comprobat\u00f3rios<\/strong>: Os documentos comprobat\u00f3rios do curriculum vitae, numerados e ordenados, preferencialmente, na mesma sequ\u00eancia apresentada no curriculum vitae (item 6.10 do Edital), dever\u00e3o ser enviados, no formato PDF, para o endere\u00e7o eletr\u00f4nico de inscri\u00e7\u00e3o &lt;<a href=\"mailto:concursodocente@direito.ufmg.br\">concursodocente@direito.ufmg.br<\/a>&gt;, em at\u00e9 24h (vinte e quatro horas) ap\u00f3s a divulga\u00e7\u00e3o da lista de classificados na Prova Escrita.<\/p>\n<p><strong><u>LINKS \u00daTEIS<\/u><\/strong><\/p>\n<p>1) Informativo DAP n\u00ba 01\/2017 \u2013 Procura\u00e7\u00e3o Particular e P\u00fablica &lt;<a href=\"https:\/\/www.ufmg.br\/prorh\/wp-content\/uploads\/2021\/10\/Informativo-DAP-01-Procuracao-particular-e-Publica-v03.pdf\">https:\/\/www.ufmg.br\/prorh\/wp-content\/uploads\/2021\/10\/Informativo-DAP-01-Procuracao-particular-e-Publica-v03.pdf<\/a>&gt;.<\/p>\n","protected":false},"excerpt":{"rendered":"<p>EDITAL N\u00ba 2708\/2025 \u2013 ABERTURA DE CONCURSO P\u00daBLICO DE PROVAS E T\u00cdTULOS PARA PROVIMENTO DE CARGO EFETIVO DA CARREIRA DE MAGIST\u00c9RIO SUPERIOR FEDERAL \u2013 CLASSE A \u2013 PROFESSOR ASSISTENTE \u2013 N\u00cdVEL I \u2013 DEPARTAMENTO DE [&hellip;]<\/p>\n","protected":false},"author":1,"featured_media":0,"comment_status":"closed","ping_status":"closed","sticky":false,"template":"","format":"standard","meta":{"footnotes":""},"categories":[196,240],"tags":[],"class_list":["post-17925","post","type-post","status-publish","format-standard","hentry","category-concursos-dip","category-editais-concurso-publico-docente"],"publishpress_future_action":{"enabled":false,"date":"2026-05-08 10:45:52","action":"change-status","newStatus":"draft","terms":[],"taxonomy":"category","extraData":[]},"publishpress_future_workflow_manual_trigger":{"enabledWorkflows":[]},"_links":{"self":[{"href":"https:\/\/www.direito.ufmg.br\/index.php?rest_route=\/wp\/v2\/posts\/17925","targetHints":{"allow":["GET"]}}],"collection":[{"href":"https:\/\/www.direito.ufmg.br\/index.php?rest_route=\/wp\/v2\/posts"}],"about":[{"href":"https:\/\/www.direito.ufmg.br\/index.php?rest_route=\/wp\/v2\/types\/post"}],"author":[{"embeddable":true,"href":"https:\/\/www.direito.ufmg.br\/index.php?rest_route=\/wp\/v2\/users\/1"}],"replies":[{"embeddable":true,"href":"https:\/\/www.direito.ufmg.br\/index.php?rest_route=%2Fwp%2Fv2%2Fcomments&post=17925"}],"version-history":[{"count":12,"href":"https:\/\/www.direito.ufmg.br\/index.php?rest_route=\/wp\/v2\/posts\/17925\/revisions"}],"predecessor-version":[{"id":19082,"href":"https:\/\/www.direito.ufmg.br\/index.php?rest_route=\/wp\/v2\/posts\/17925\/revisions\/19082"}],"wp:attachment":[{"href":"https:\/\/www.direito.ufmg.br\/index.php?rest_route=%2Fwp%2Fv2%2Fmedia&parent=17925"}],"wp:term":[{"taxonomy":"category","embeddable":true,"href":"https:\/\/www.direito.ufmg.br\/index.php?rest_route=%2Fwp%2Fv2%2Fcategories&post=17925"},{"taxonomy":"post_tag","embeddable":true,"href":"https:\/\/www.direito.ufmg.br\/index.php?rest_route=%2Fwp%2Fv2%2Ftags&post=17925"}],"curies":[{"name":"wp","href":"https:\/\/api.w.org\/{rel}","templated":true}]}}